{"id":2513,"date":"2026-02-26T01:21:00","date_gmt":"2026-02-26T01:21:00","guid":{"rendered":"https:\/\/studenthub.elsevier.com\/es\/?p=2513"},"modified":"2026-02-26T13:47:37","modified_gmt":"2026-02-26T13:47:37","slug":"memoria-operativa-y-la-corteza-prefrontal-como-el-cerebro-piensa-planifica-y-ejecuta","status":"publish","type":"post","link":"https:\/\/studenthub.elsevier.com\/es\/blog\/memoria-operativa-y-la-corteza-prefrontal-como-el-cerebro-piensa-planifica-y-ejecuta\/","title":{"rendered":"Memoria operativa y la corteza prefrontal: c\u00f3mo el cerebro piensa, planifica y ejecuta"},"content":{"rendered":"\n<p>Hoy hablamos de Memoria operativa y corteza prefrontal. La corteza cerebral distingue las funciones cognitivas m\u00e1s complejas, y dentro de ella las \u00e1reas prefrontales lideran la memoria operativa: la capacidad de mantener y manipular informaci\u00f3n en la mente para pensar, planificar y ejecutar acciones en corto plazo. Este marco combina conceptos cl\u00e1sicos con enfoques contempor\u00e1neos apoyados en recursos educativos modernos. En particular, la visi\u00f3n del <em><strong><a href=\"https:\/\/www.clinicalkey.com\/student\/content\/toc\/3-s2.0-C20200037060?origin=share&amp;title=Guyton+y+Hall.+Tratado+de+Fisiolog%C3%ADa+M%C3%A9dica&amp;meta=2021%2C+Hall%2C+John+E.%2C+PhD&amp;img=https%3A%2F%2Fcdn.clinicalkey.com%2Fck-thumbnails%2FC20200037060%2Fcov200h.gif\">Guyton y Hall. Tratado de fisiolog\u00eda m\u00e9dica<\/a><\/strong><\/em> sobre la corteza y las funciones corticales (Cap\u00edtulo 58-accede<strong><a href=\"https:\/\/www.clinicalkey.com\/student\/content\/book\/3-s2.0-B9788413820132000580\"> aqu\u00ed <\/a><\/strong>a la edici\u00f3n digital v\u00eda <strong>ClinicalKey Student<\/strong>, nuestra plataforma de aprendizaje interactivo) ofrece una base estructural para entender estas capacidades. <\/p>\n\n\n\n<p>Descubre m\u00e1s sobre la Memoria operativa y corteza prefrontal.<\/p>\n\n\n\n<ol class=\"wp-block-list\">\n<li><strong>Memoria operativa: qu\u00e9 es y por qu\u00e9 importa<\/strong><\/li>\n<\/ol>\n\n\n\n<ul class=\"wp-block-list\">\n<li>Definici\u00f3n: capacidad para mantener y manipular informaci\u00f3n relevante en la mente a corto plazo para resolver problemas, estudiar o tomar decisiones cl\u00ednicas en tiempo real.<\/li>\n\n\n\n<li>C\u00f3mo funciona: integra informaci\u00f3n sensorial, verbal y visual de distintas \u00e1reas corticales para sostener ideas mientras se resuelven tareas complejas.<\/li>\n\n\n\n<li>Importancia educativa y cl\u00ednica: facilita la resoluci\u00f3n de preguntas, la planificaci\u00f3n de un estudio y la toma de decisiones en escenarios din\u00e1micos, como un examen o una intervenci\u00f3n cl\u00ednica.<\/li>\n<\/ul>\n\n\n\n<ol start=\"2\" class=\"wp-block-list\">\n<li><strong>Interpretaci\u00f3n global: la s\u00edntesis de informaci\u00f3n<\/strong><\/li>\n<\/ol>\n\n\n\n<ul class=\"wp-block-list\">\n<li>Funci\u00f3n central de la corteza prefrontal: coordinar se\u00f1ales de m\u00faltiples sistemas (sensitivos, emocionales y de memoria) para generar una interpretaci\u00f3n coherente del entorno.<\/li>\n\n\n\n<li>Resultado pr\u00e1ctico: convertir informaci\u00f3n dispersa en un marco de acci\u00f3n \u00fanico que gu\u00eda decisiones y conductas, especialmente en situaciones cl\u00ednicas y de alto rendimiento acad\u00e9mico.<\/li>\n<\/ul>\n\n\n\n<ol start=\"3\" class=\"wp-block-list\">\n<li><strong>Elaboraci\u00f3n del pensamiento, anticipaci\u00f3n y ejecuci\u00f3n<\/strong><\/li>\n<\/ol>\n\n\n\n<ul class=\"wp-block-list\">\n<li>Memoria operativa como base: permite retener componentes de un problema, compararlos con experiencias previas y extraer patrones para resolverlo.<\/li>\n\n\n\n<li>Funciones ejecutivas involucradas: planificaci\u00f3n de etapas, anticipaci\u00f3n de consecuencias y ejecuci\u00f3n de acciones (habla, movimientos, decisiones cl\u00ednicas).<\/li>\n\n\n\n<li>Relevancia educativa: facilita el razonamiento cl\u00ednico, la resoluci\u00f3n de casos y la gesti\u00f3n de tareas complejas en entornos de aprendizaje.<\/li>\n<\/ul>\n\n\n\n<ol start=\"4\" class=\"wp-block-list\">\n<li><strong>Interacciones cerebrales clave<\/strong><\/li>\n<\/ol>\n\n\n\n<ul class=\"wp-block-list\">\n<li>Hipocampo: consolida memoria a largo plazo y alimenta la memoria operativa con contenidos relevantes.<\/li>\n\n\n\n<li>T\u00e1lamo: rel\u00e9 y sincronizaci\u00f3n entre corteza y estructuras subcorticales.<\/li>\n\n\n\n<li>Sistema l\u00edmbico: regula emociones y motivaci\u00f3n que influyen en qu\u00e9 informaci\u00f3n se prioriza.<\/li>\n\n\n\n<li>Ganglios basales y cerebelo: aportan planificaci\u00f3n motora y automatizaci\u00f3n de secuencias.<\/li>\n\n\n\n<li>Red ejecutiva: redes frontales y parietales que sostienen atenci\u00f3n, control inhibitorio y flexibilidad mental.<\/li>\n<\/ul>\n\n\n\n<ol start=\"5\" class=\"wp-block-list\">\n<li><strong>Evidencia y aplicaciones en educaci\u00f3n y cl\u00ednica<\/strong><\/li>\n<\/ol>\n\n\n\n<ul class=\"wp-block-list\">\n<li>En educaci\u00f3n m\u00e9dica, fortalecer la memoria operativa mejora el rendimiento en ex\u00e1menes y la capacidad para aplicar conocimientos en contextos cl\u00ednicos reales.<\/li>\n\n\n\n<li>En la pr\u00e1ctica cl\u00ednica, una memoria operativa robusta facilita la planificaci\u00f3n de diagn\u00f3sticos, la toma de decisiones y la ejecuci\u00f3n de planes de tratamiento en situaciones de presi\u00f3n.<\/li>\n\n\n\n<li>Enfoques pedag\u00f3gicos recomendados: tareas que exijan retener informaci\u00f3n relevante a corto plazo, gesti\u00f3n de carga cognitiva, simulaciones y pr\u00e1cticas interactivas que integren teor\u00eda y pr\u00e1ctica.<\/li>\n<\/ul>\n\n\n\n<ol start=\"6\" class=\"wp-block-list\">\n<li><strong>Estrategias pr\u00e1cticas para potenciar la memoria operativa<\/strong><\/li>\n<\/ol>\n\n\n\n<ul class=\"wp-block-list\">\n<li>Estructurar informaci\u00f3n (chunking) para reducir la carga de trabajo de la memoria.<\/li>\n\n\n\n<li>Practicar de manera distribuida (spaced practice) para favorecer la consolidaci\u00f3n.<\/li>\n\n\n\n<li>Usar aprendizaje multimodal (texto, im\u00e1genes, modelos 3D) para crear redes de asociaci\u00f3n.<\/li>\n\n\n\n<li>Dise\u00f1ar ejercicios que combinen an\u00e1lisis de casos, razonamiento cl\u00ednico y retroalimentaci\u00f3n.<\/li>\n\n\n\n<li>Incorporar t\u00e9cnicas de atenci\u00f3n y manejo del estr\u00e9s para mantener foco y rendimiento bajo presi\u00f3n.<\/li>\n<\/ul>\n\n\n\n<p><strong>Conclusi\u00f3n <\/strong>La memoria operativa y las funciones ejecutivas de la corteza prefrontal son pilares para pensar, planificar y actuar con eficacia en educaci\u00f3n m\u00e9dica y pr\u00e1ctica cl\u00ednica. Integrar fundamentos te\u00f3ricos con herramientas modernas de aprendizaje, como Osmosis, facilita un enfoque m\u00e1s completo y actualizado para desarrollar capacidades cognitivas cr\u00edticas en estudiantes de medicina y enfermer\u00eda.<\/p>\n\n\n\n<h3 class=\"wp-block-heading\"><strong>Complemento visual: Osmosis como apoyo<\/strong><\/h3>\n\n\n\n<p><strong>Recurso recomendado: <\/strong>Osmosis te ofrece videos breves, tarjetas de repaso y ejercicios pr\u00e1cticos que pueden reforzar la memoria operativa y la interpretaci\u00f3n global al combinar texto, imagen y audio. Un recurso ideal para enriquecer el aprendizaje pr\u00e1ctico.<\/p>\n\n\n\n<figure class=\"wp-block-embed is-type-video is-provider-youtube wp-block-embed-youtube wp-embed-aspect-16-9 wp-has-aspect-ratio\"><div class=\"wp-block-embed__wrapper\">\n<iframe loading=\"lazy\" title=\"Donor Alliance - Brain Death\" width=\"500\" height=\"281\" src=\"https:\/\/www.youtube.com\/embed\/FwyjevL-el4?feature=oembed\" frameborder=\"0\" allow=\"accelerometer; autoplay; clipboard-write; encrypted-media; gyroscope; picture-in-picture; web-share\" referrerpolicy=\"strict-origin-when-cross-origin\" allowfullscreen><\/iframe>\n<\/div><\/figure>\n\n\n\n<p><\/p>\n\n\n\n<p><\/p>\n\n\n\n<div class=\"wp-block-columns is-layout-flex wp-container-core-columns-is-layout-cf9dd0f5 wp-block-columns-is-layout-flex\" style=\"margin-top:0;margin-bottom:0;padding-top:0;padding-right:0;padding-bottom:0;padding-left:0\">\n<div class=\"wp-block-column has-background is-layout-flow wp-block-column-is-layout-flow\" style=\"border-radius:28px;background-color:#eee7d7\">\n<div class=\"wp-block-columns is-layout-flex wp-container-core-columns-is-layout-28f84493 wp-block-columns-is-layout-flex\">\n<div class=\"wp-block-column is-layout-flow wp-block-column-is-layout-flow\" style=\"padding-top:var(--wp--preset--spacing--20);padding-right:var(--wp--preset--spacing--20);padding-bottom:var(--wp--preset--spacing--20);padding-left:var(--wp--preset--spacing--20);flex-basis:33.33%\">\n<figure class=\"wp-block-image size-full\"><img loading=\"lazy\" decoding=\"async\" width=\"155\" height=\"200\" src=\"https:\/\/studenthub.elsevier.com\/es\/wp-content\/uploads\/sites\/11\/2026\/02\/image_6dd170.png\" alt=\"\" class=\"wp-image-2514\" \/><\/figure>\n<\/div>\n\n\n\n<div class=\"wp-block-column is-layout-flow wp-block-column-is-layout-flow\" style=\"padding-top:var(--wp--preset--spacing--20);padding-right:var(--wp--preset--spacing--20);padding-bottom:var(--wp--preset--spacing--20);padding-left:var(--wp--preset--spacing--20);flex-basis:66.66%\">\n<p>Contenido adaptado de <em><strong>Guyton y Hall. Tratado de Fisiolog\u00eda M\u00e9dica<\/strong><\/em>, 14\u00aa edici\u00f3n.<\/p>\n\n\n\n<p>Disponible en formato impreso, eBook y en <a href=\"https:\/\/www.clinicalkey.com\/student\/nursing\" rel=\"noreferrer noopener\" target=\"_blank\">ClinicalKey Student<\/a>.<\/p>\n\n\n\n<p>Cons\u00edguela en tu librer\u00eda m\u00e1s cercana <a href=\"https:\/\/www.elsevier.com\/es-es\/promotions\/mapa-de-librerias\" target=\"_blank\" rel=\"noreferrer noopener\">aqu\u00ed.<\/a><\/p>\n<\/div>\n<\/div>\n<\/div>\n<\/div>\n","protected":false},"excerpt":{"rendered":"<p>Hoy hablamos de Memoria operativa y corteza prefrontal. La corteza cerebral distingue las funciones cognitivas m\u00e1s complejas, y dentro de ella las \u00e1reas prefrontales lideran la memoria operativa: la capacidad de mantener y manipular informaci\u00f3n en la mente para pensar, planificar y ejecutar acciones en corto plazo. Este marco combina conceptos cl\u00e1sicos con enfoques contempor\u00e1neos [&hellip;]<\/p>\n","protected":false},"author":164,"featured_media":2515,"comment_status":"open","ping_status":"open","sticky":false,"template":"","format":"standard","meta":{"_jetpack_memberships_contains_paid_content":false,"footnotes":""},"categories":[4,56,55],"tags":[],"class_list":["post-2513","post","type-post","status-publish","format-standard","has-post-thumbnail","hentry","category-blog","category-enfermeria","category-medicina"],"yoast_head":"<!-- This site is optimized with the Yoast SEO plugin v23.6 - https:\/\/yoast.com\/wordpress\/plugins\/seo\/ -->\n<title>Memoria operativa y corteza prefrontal: c\u00f3mo piensa el cerebro<\/title>\n<meta name=\"description\" content=\"Memoria operativa y corteza prefrontal en educaci\u00f3n m\u00e9dica: fundamentos de Guyton y Hall y Osmosis para aprender con mayor eficacia.\" \/>\n<meta name=\"robots\" content=\"index, follow, max-snippet:-1, max-image-preview:large, max-video-preview:-1\" \/>\n<link rel=\"canonical\" href=\"https:\/\/studenthub.elsevier.com\/es\/blog\/memoria-operativa-y-la-corteza-prefrontal-como-el-cerebro-piensa-planifica-y-ejecuta\/\" \/>\n<meta property=\"og:locale\" content=\"es_ES\" \/>\n<meta property=\"og:type\" content=\"article\" \/>\n<meta property=\"og:title\" content=\"Memoria operativa y corteza prefrontal: c\u00f3mo piensa el cerebro\" \/>\n<meta property=\"og:description\" content=\"Memoria operativa y corteza prefrontal en educaci\u00f3n m\u00e9dica: fundamentos de Guyton y Hall y Osmosis para aprender con mayor eficacia.\" \/>\n<meta property=\"og:url\" content=\"https:\/\/studenthub.elsevier.com\/es\/blog\/memoria-operativa-y-la-corteza-prefrontal-como-el-cerebro-piensa-planifica-y-ejecuta\/\" \/>\n<meta property=\"og:site_name\" content=\"Student Hub Spain\" \/>\n<meta property=\"article:published_time\" content=\"2026-02-26T01:21:00+00:00\" \/>\n<meta property=\"article:modified_time\" content=\"2026-02-26T13:47:37+00:00\" \/>\n<meta name=\"author\" content=\"jrubio\" \/>\n<meta name=\"twitter:card\" content=\"summary_large_image\" \/>\n<meta name=\"twitter:image\" content=\"https:\/\/studenthub.elsevier.com\/es\/wp-content\/uploads\/sites\/11\/2026\/02\/Copy-orange-shape-pattern-from-this-image-2.png\" \/>\n<meta name=\"twitter:label1\" content=\"Written by\" \/>\n\t<meta name=\"twitter:data1\" content=\"jrubio\" \/>\n\t<meta name=\"twitter:label2\" content=\"Est. reading time\" \/>\n\t<meta name=\"twitter:data2\" content=\"4 minutos\" \/>\n<script type=\"application\/ld+json\" class=\"yoast-schema-graph\">{\"@context\":\"https:\/\/schema.org\",\"@graph\":[{\"@type\":\"WebPage\",\"@id\":\"https:\/\/studenthub.elsevier.com\/es\/blog\/memoria-operativa-y-la-corteza-prefrontal-como-el-cerebro-piensa-planifica-y-ejecuta\/\",\"url\":\"https:\/\/studenthub.elsevier.com\/es\/blog\/memoria-operativa-y-la-corteza-prefrontal-como-el-cerebro-piensa-planifica-y-ejecuta\/\",\"name\":\"Memoria operativa y corteza prefrontal: c\u00f3mo piensa el cerebro\",\"isPartOf\":{\"@id\":\"https:\/\/studenthub.elsevier.com\/es\/#website\"},\"primaryImageOfPage\":{\"@id\":\"https:\/\/studenthub.elsevier.com\/es\/blog\/memoria-operativa-y-la-corteza-prefrontal-como-el-cerebro-piensa-planifica-y-ejecuta\/#primaryimage\"},\"image\":{\"@id\":\"https:\/\/studenthub.elsevier.com\/es\/blog\/memoria-operativa-y-la-corteza-prefrontal-como-el-cerebro-piensa-planifica-y-ejecuta\/#primaryimage\"},\"thumbnailUrl\":\"https:\/\/studenthub.elsevier.com\/es\/wp-content\/uploads\/sites\/11\/2026\/02\/Copy-orange-shape-pattern-from-this-image-2.png\",\"datePublished\":\"2026-02-26T01:21:00+00:00\",\"dateModified\":\"2026-02-26T13:47:37+00:00\",\"author\":{\"@id\":\"https:\/\/studenthub.elsevier.com\/es\/#\/schema\/person\/c621f5c2eaaa07591b097e5355bf585f\"},\"description\":\"Memoria operativa y corteza prefrontal en educaci\u00f3n m\u00e9dica: fundamentos de Guyton y Hall y Osmosis para aprender con mayor eficacia.\",\"breadcrumb\":{\"@id\":\"https:\/\/studenthub.elsevier.com\/es\/blog\/memoria-operativa-y-la-corteza-prefrontal-como-el-cerebro-piensa-planifica-y-ejecuta\/#breadcrumb\"},\"inLanguage\":\"es\",\"potentialAction\":[{\"@type\":\"ReadAction\",\"target\":[\"https:\/\/studenthub.elsevier.com\/es\/blog\/memoria-operativa-y-la-corteza-prefrontal-como-el-cerebro-piensa-planifica-y-ejecuta\/\"]}]},{\"@type\":\"ImageObject\",\"inLanguage\":\"es\",\"@id\":\"https:\/\/studenthub.elsevier.com\/es\/blog\/memoria-operativa-y-la-corteza-prefrontal-como-el-cerebro-piensa-planifica-y-ejecuta\/#primaryimage\",\"url\":\"https:\/\/studenthub.elsevier.com\/es\/wp-content\/uploads\/sites\/11\/2026\/02\/Copy-orange-shape-pattern-from-this-image-2.png\",\"contentUrl\":\"https:\/\/studenthub.elsevier.com\/es\/wp-content\/uploads\/sites\/11\/2026\/02\/Copy-orange-shape-pattern-from-this-image-2.png\",\"width\":1920,\"height\":1080,\"caption\":\"Memoria operativa y corteza prefrontal\"},{\"@type\":\"BreadcrumbList\",\"@id\":\"https:\/\/studenthub.elsevier.com\/es\/blog\/memoria-operativa-y-la-corteza-prefrontal-como-el-cerebro-piensa-planifica-y-ejecuta\/#breadcrumb\",\"itemListElement\":[{\"@type\":\"ListItem\",\"position\":1,\"name\":\"Home\",\"item\":\"https:\/\/studenthub.elsevier.com\/es\/\"},{\"@type\":\"ListItem\",\"position\":2,\"name\":\"Memoria operativa y la corteza prefrontal: c\u00f3mo el cerebro piensa, planifica y ejecuta\"}]},{\"@type\":\"WebSite\",\"@id\":\"https:\/\/studenthub.elsevier.com\/es\/#website\",\"url\":\"https:\/\/studenthub.elsevier.com\/es\/\",\"name\":\"Student Hub Spain\",\"description\":\"\",\"potentialAction\":[{\"@type\":\"SearchAction\",\"target\":{\"@type\":\"EntryPoint\",\"urlTemplate\":\"https:\/\/studenthub.elsevier.com\/es\/?s={search_term_string}\"},\"query-input\":{\"@type\":\"PropertyValueSpecification\",\"valueRequired\":true,\"valueName\":\"search_term_string\"}}],\"inLanguage\":\"es\"},{\"@type\":\"Person\",\"@id\":\"https:\/\/studenthub.elsevier.com\/es\/#\/schema\/person\/c621f5c2eaaa07591b097e5355bf585f\",\"name\":\"jrubio\",\"image\":{\"@type\":\"ImageObject\",\"inLanguage\":\"es\",\"@id\":\"https:\/\/studenthub.elsevier.com\/es\/#\/schema\/person\/image\/\",\"url\":\"https:\/\/secure.gravatar.com\/avatar\/c7c1d23340d13f2b0a6f586f63b988e0ad20259c4f73d7e27d266304b857b28a?s=96&d=mm&r=g\",\"contentUrl\":\"https:\/\/secure.gravatar.com\/avatar\/c7c1d23340d13f2b0a6f586f63b988e0ad20259c4f73d7e27d266304b857b28a?s=96&d=mm&r=g\",\"caption\":\"jrubio\"},\"url\":\"https:\/\/studenthub.elsevier.com\/es\/author\/jrubio\/\"}]}<\/script>\n<!-- \/ Yoast SEO plugin. -->","yoast_head_json":{"title":"Memoria operativa y corteza prefrontal: c\u00f3mo piensa el cerebro","description":"Memoria operativa y corteza prefrontal en educaci\u00f3n m\u00e9dica: fundamentos de Guyton y Hall y Osmosis para aprender con mayor eficacia.","robots":{"index":"index","follow":"follow","max-snippet":"max-snippet:-1","max-image-preview":"max-image-preview:large","max-video-preview":"max-video-preview:-1"},"canonical":"https:\/\/studenthub.elsevier.com\/es\/blog\/memoria-operativa-y-la-corteza-prefrontal-como-el-cerebro-piensa-planifica-y-ejecuta\/","og_locale":"es_ES","og_type":"article","og_title":"Memoria operativa y corteza prefrontal: c\u00f3mo piensa el cerebro","og_description":"Memoria operativa y corteza prefrontal en educaci\u00f3n m\u00e9dica: fundamentos de Guyton y Hall y Osmosis para aprender con mayor eficacia.","og_url":"https:\/\/studenthub.elsevier.com\/es\/blog\/memoria-operativa-y-la-corteza-prefrontal-como-el-cerebro-piensa-planifica-y-ejecuta\/","og_site_name":"Student Hub Spain","article_published_time":"2026-02-26T01:21:00+00:00","article_modified_time":"2026-02-26T13:47:37+00:00","author":"jrubio","twitter_card":"summary_large_image","twitter_image":"https:\/\/studenthub.elsevier.com\/es\/wp-content\/uploads\/sites\/11\/2026\/02\/Copy-orange-shape-pattern-from-this-image-2.png","twitter_misc":{"Written by":"jrubio","Est. reading time":"4 minutos"},"schema":{"@context":"https:\/\/schema.org","@graph":[{"@type":"WebPage","@id":"https:\/\/studenthub.elsevier.com\/es\/blog\/memoria-operativa-y-la-corteza-prefrontal-como-el-cerebro-piensa-planifica-y-ejecuta\/","url":"https:\/\/studenthub.elsevier.com\/es\/blog\/memoria-operativa-y-la-corteza-prefrontal-como-el-cerebro-piensa-planifica-y-ejecuta\/","name":"Memoria operativa y corteza prefrontal: c\u00f3mo piensa el cerebro","isPartOf":{"@id":"https:\/\/studenthub.elsevier.com\/es\/#website"},"primaryImageOfPage":{"@id":"https:\/\/studenthub.elsevier.com\/es\/blog\/memoria-operativa-y-la-corteza-prefrontal-como-el-cerebro-piensa-planifica-y-ejecuta\/#primaryimage"},"image":{"@id":"https:\/\/studenthub.elsevier.com\/es\/blog\/memoria-operativa-y-la-corteza-prefrontal-como-el-cerebro-piensa-planifica-y-ejecuta\/#primaryimage"},"thumbnailUrl":"https:\/\/studenthub.elsevier.com\/es\/wp-content\/uploads\/sites\/11\/2026\/02\/Copy-orange-shape-pattern-from-this-image-2.png","datePublished":"2026-02-26T01:21:00+00:00","dateModified":"2026-02-26T13:47:37+00:00","author":{"@id":"https:\/\/studenthub.elsevier.com\/es\/#\/schema\/person\/c621f5c2eaaa07591b097e5355bf585f"},"description":"Memoria operativa y corteza prefrontal en educaci\u00f3n m\u00e9dica: fundamentos de Guyton y Hall y Osmosis para aprender con mayor eficacia.","breadcrumb":{"@id":"https:\/\/studenthub.elsevier.com\/es\/blog\/memoria-operativa-y-la-corteza-prefrontal-como-el-cerebro-piensa-planifica-y-ejecuta\/#breadcrumb"},"inLanguage":"es","potentialAction":[{"@type":"ReadAction","target":["https:\/\/studenthub.elsevier.com\/es\/blog\/memoria-operativa-y-la-corteza-prefrontal-como-el-cerebro-piensa-planifica-y-ejecuta\/"]}]},{"@type":"ImageObject","inLanguage":"es","@id":"https:\/\/studenthub.elsevier.com\/es\/blog\/memoria-operativa-y-la-corteza-prefrontal-como-el-cerebro-piensa-planifica-y-ejecuta\/#primaryimage","url":"https:\/\/studenthub.elsevier.com\/es\/wp-content\/uploads\/sites\/11\/2026\/02\/Copy-orange-shape-pattern-from-this-image-2.png","contentUrl":"https:\/\/studenthub.elsevier.com\/es\/wp-content\/uploads\/sites\/11\/2026\/02\/Copy-orange-shape-pattern-from-this-image-2.png","width":1920,"height":1080,"caption":"Memoria operativa y corteza prefrontal"},{"@type":"BreadcrumbList","@id":"https:\/\/studenthub.elsevier.com\/es\/blog\/memoria-operativa-y-la-corteza-prefrontal-como-el-cerebro-piensa-planifica-y-ejecuta\/#breadcrumb","itemListElement":[{"@type":"ListItem","position":1,"name":"Home","item":"https:\/\/studenthub.elsevier.com\/es\/"},{"@type":"ListItem","position":2,"name":"Memoria operativa y la corteza prefrontal: c\u00f3mo el cerebro piensa, planifica y ejecuta"}]},{"@type":"WebSite","@id":"https:\/\/studenthub.elsevier.com\/es\/#website","url":"https:\/\/studenthub.elsevier.com\/es\/","name":"Student Hub Spain","description":"","potentialAction":[{"@type":"SearchAction","target":{"@type":"EntryPoint","urlTemplate":"https:\/\/studenthub.elsevier.com\/es\/?s={search_term_string}"},"query-input":{"@type":"PropertyValueSpecification","valueRequired":true,"valueName":"search_term_string"}}],"inLanguage":"es"},{"@type":"Person","@id":"https:\/\/studenthub.elsevier.com\/es\/#\/schema\/person\/c621f5c2eaaa07591b097e5355bf585f","name":"jrubio","image":{"@type":"ImageObject","inLanguage":"es","@id":"https:\/\/studenthub.elsevier.com\/es\/#\/schema\/person\/image\/","url":"https:\/\/secure.gravatar.com\/avatar\/c7c1d23340d13f2b0a6f586f63b988e0ad20259c4f73d7e27d266304b857b28a?s=96&d=mm&r=g","contentUrl":"https:\/\/secure.gravatar.com\/avatar\/c7c1d23340d13f2b0a6f586f63b988e0ad20259c4f73d7e27d266304b857b28a?s=96&d=mm&r=g","caption":"jrubio"},"url":"https:\/\/studenthub.elsevier.com\/es\/author\/jrubio\/"}]}},"jetpack_featured_media_url":"https:\/\/studenthub.elsevier.com\/es\/wp-content\/uploads\/sites\/11\/2026\/02\/Copy-orange-shape-pattern-from-this-image-2.png","jetpack_sharing_enabled":true,"_links":{"self":[{"href":"https:\/\/studenthub.elsevier.com\/es\/wp-json\/wp\/v2\/posts\/2513","targetHints":{"allow":["GET"]}}],"collection":[{"href":"https:\/\/studenthub.elsevier.com\/es\/wp-json\/wp\/v2\/posts"}],"about":[{"href":"https:\/\/studenthub.elsevier.com\/es\/wp-json\/wp\/v2\/types\/post"}],"author":[{"embeddable":true,"href":"https:\/\/studenthub.elsevier.com\/es\/wp-json\/wp\/v2\/users\/164"}],"replies":[{"embeddable":true,"href":"https:\/\/studenthub.elsevier.com\/es\/wp-json\/wp\/v2\/comments?post=2513"}],"version-history":[{"count":1,"href":"https:\/\/studenthub.elsevier.com\/es\/wp-json\/wp\/v2\/posts\/2513\/revisions"}],"predecessor-version":[{"id":2517,"href":"https:\/\/studenthub.elsevier.com\/es\/wp-json\/wp\/v2\/posts\/2513\/revisions\/2517"}],"wp:featuredmedia":[{"embeddable":true,"href":"https:\/\/studenthub.elsevier.com\/es\/wp-json\/wp\/v2\/media\/2515"}],"wp:attachment":[{"href":"https:\/\/studenthub.elsevier.com\/es\/wp-json\/wp\/v2\/media?parent=2513"}],"wp:term":[{"taxonomy":"category","embeddable":true,"href":"https:\/\/studenthub.elsevier.com\/es\/wp-json\/wp\/v2\/categories?post=2513"},{"taxonomy":"post_tag","embeddable":true,"href":"https:\/\/studenthub.elsevier.com\/es\/wp-json\/wp\/v2\/tags?post=2513"}],"curies":[{"name":"wp","href":"https:\/\/api.w.org\/{rel}","templated":true}]}}