{"id":320,"date":"2025-06-10T15:16:16","date_gmt":"2025-06-10T15:16:16","guid":{"rendered":"https:\/\/admin-wp-hm.elsevier.com\/es\/?p=320"},"modified":"2025-06-10T15:21:16","modified_gmt":"2025-06-10T15:21:16","slug":"enfermedad-crohn-deficiencia-nutricional","status":"publish","type":"post","link":"https:\/\/studenthub.elsevier.com\/es\/banco-de-preguntas\/enfermedad-crohn-deficiencia-nutricional\/","title":{"rendered":"A una mujer de 30 a\u00f1os con enfermedad de Crohn grave se le realiza una resecci\u00f3n ileal.\u00bfQu\u00e9 deficiencia nutricional tendr\u00e1 esta mujer en el futuro?"},"content":{"rendered":"\n        <div class=\"simple-quiz\" id=\"sqt_1_7464_container\">\n            \n            <div class=\"quiz-options\">\n                                    <div class=\"quiz-option\">\n                        <input type=\"radio\" \n                               id=\"sqt_1_7464_option_1\" \n                               name=\"sqt_1_7464_options\" \n                               value=\"1\">\n                        <label for=\"sqt_1_7464_option_1\">\n                            A. Deficiencia de folato                        <\/label>\n                    <\/div>\n                                    <div class=\"quiz-option\">\n                        <input type=\"radio\" \n                               id=\"sqt_1_7464_option_2\" \n                               name=\"sqt_1_7464_options\" \n                               value=\"2\">\n                        <label for=\"sqt_1_7464_option_2\">\n                            B. Deficiencia de niacina                        <\/label>\n                    <\/div>\n                                    <div class=\"quiz-option\">\n                        <input type=\"radio\" \n                               id=\"sqt_1_7464_option_3\" \n                               name=\"sqt_1_7464_options\" \n                               value=\"3\">\n                        <label for=\"sqt_1_7464_option_3\">\n                            C. Deficiencia de tiamina                        <\/label>\n                    <\/div>\n                                    <div class=\"quiz-option\">\n                        <input type=\"radio\" \n                               id=\"sqt_1_7464_option_4\" \n                               name=\"sqt_1_7464_options\" \n                               value=\"4\">\n                        <label for=\"sqt_1_7464_option_4\">\n                            D. Deficiencia de hierro                        <\/label>\n                    <\/div>\n                                    <div class=\"quiz-option\">\n                        <input type=\"radio\" \n                               id=\"sqt_1_7464_option_5\" \n                               name=\"sqt_1_7464_options\" \n                               value=\"5\">\n                        <label for=\"sqt_1_7464_option_5\">\n                            E. Deficiencia de vitamina B12                        <\/label>\n                    <\/div>\n                            <\/div>\n            \n            <div class=\"quiz-toggle\">\n                <span class=\"quiz-cta\" \n                      role=\"button\" \n                      tabindex=\"0\" \n                      onclick=\"simpleQuizToggleResults('sqt_1_7464')\"\n                      onkeydown=\"if(event.key === 'Enter' || event.key === ' ') { simpleQuizToggleResults('sqt_1_7464'); event.preventDefault(); }\">\n                    Ver la respuesta                <\/span>\n                \n                <div id=\"sqt_1_7464_results\" class=\"quiz-results\" aria-live=\"polite\">\n                    La respuesta correcta es: <br \/>\nE. Deficiencia de vitamina B12<br \/>\nEl complejo del factor intr\u00ednseco de la vitamina B12 se absorbe en el \u00edleon. Por lo tanto, la deficiencia de vitamina B12 puede producirse tras la resecci\u00f3n del \u00edleon. La consecuencia m\u00e1s frecuente de una deficiencia de vitamina B12 es la anemia, con una deficiencia grave que produce un s\u00edndrome neurol\u00f3gico.                <\/div>\n            <\/div>\n            \n        <\/div>\n        \n\n\n\n<p><\/p>\n","protected":false},"excerpt":{"rendered":"","protected":false},"author":4,"featured_media":0,"comment_status":"open","ping_status":"open","sticky":false,"template":"wp-custom-template-question-bank-individual-entry","format":"standard","meta":{"_jetpack_memberships_contains_paid_content":false,"footnotes":""},"categories":[3,8],"tags":[],"class_list":["post-320","post","type-post","status-publish","format-standard","hentry","category-banco-de-preguntas","category-fisiologia"],"yoast_head":"<!-- This site is optimized with the Yoast SEO plugin v23.6 - https:\/\/yoast.com\/wordpress\/plugins\/seo\/ -->\n<title>Deficiencia nutricional enfermedad de Crohn<\/title>\n<meta name=\"description\" content=\"A una mujer de 30 a\u00f1os con enfermedad de Crohn grave se le realiza una resecci\u00f3n ileal.\u00bfQu\u00e9 deficiencia nutricional tendr\u00e1 en el futuro?\" \/>\n<meta name=\"robots\" content=\"index, follow, max-snippet:-1, max-image-preview:large, max-video-preview:-1\" \/>\n<link rel=\"canonical\" href=\"https:\/\/studenthub.elsevier.com\/es\/banco-de-preguntas\/enfermedad-crohn-deficiencia-nutricional\/\" \/>\n<meta property=\"og:locale\" content=\"es_ES\" \/>\n<meta property=\"og:type\" content=\"article\" \/>\n<meta property=\"og:title\" content=\"Deficiencia nutricional enfermedad de Crohn\" \/>\n<meta property=\"og:description\" content=\"A una mujer de 30 a\u00f1os con enfermedad de Crohn grave se le realiza una resecci\u00f3n ileal.\u00bfQu\u00e9 deficiencia nutricional tendr\u00e1 en el futuro?\" \/>\n<meta property=\"og:url\" content=\"https:\/\/studenthub.elsevier.com\/es\/banco-de-preguntas\/enfermedad-crohn-deficiencia-nutricional\/\" \/>\n<meta property=\"og:site_name\" content=\"Student Hub Spain\" \/>\n<meta property=\"article:published_time\" content=\"2025-06-10T15:16:16+00:00\" \/>\n<meta property=\"article:modified_time\" content=\"2025-06-10T15:21:16+00:00\" \/>\n<meta name=\"author\" content=\"admin\" \/>\n<meta name=\"twitter:card\" content=\"summary_large_image\" \/>\n<meta name=\"twitter:label1\" content=\"Written by\" \/>\n\t<meta name=\"twitter:data1\" content=\"admin\" \/>\n\t<meta name=\"twitter:label2\" content=\"Est. reading time\" \/>\n\t<meta name=\"twitter:data2\" content=\"1 minuto\" \/>\n<script type=\"application\/ld+json\" class=\"yoast-schema-graph\">{\"@context\":\"https:\/\/schema.org\",\"@graph\":[{\"@type\":\"WebPage\",\"@id\":\"https:\/\/studenthub.elsevier.com\/es\/banco-de-preguntas\/enfermedad-crohn-deficiencia-nutricional\/\",\"url\":\"https:\/\/studenthub.elsevier.com\/es\/banco-de-preguntas\/enfermedad-crohn-deficiencia-nutricional\/\",\"name\":\"Deficiencia nutricional enfermedad de Crohn\",\"isPartOf\":{\"@id\":\"https:\/\/studenthub.elsevier.com\/es\/#website\"},\"datePublished\":\"2025-06-10T15:16:16+00:00\",\"dateModified\":\"2025-06-10T15:21:16+00:00\",\"author\":{\"@id\":\"https:\/\/studenthub.elsevier.com\/es\/#\/schema\/person\/3ab94c4b36ed91401e09c1f749604383\"},\"description\":\"A una mujer de 30 a\u00f1os con enfermedad de Crohn grave se le realiza una resecci\u00f3n ileal.\u00bfQu\u00e9 deficiencia nutricional tendr\u00e1 en el futuro?\",\"breadcrumb\":{\"@id\":\"https:\/\/studenthub.elsevier.com\/es\/banco-de-preguntas\/enfermedad-crohn-deficiencia-nutricional\/#breadcrumb\"},\"inLanguage\":\"es\",\"potentialAction\":[{\"@type\":\"ReadAction\",\"target\":[\"https:\/\/studenthub.elsevier.com\/es\/banco-de-preguntas\/enfermedad-crohn-deficiencia-nutricional\/\"]}]},{\"@type\":\"BreadcrumbList\",\"@id\":\"https:\/\/studenthub.elsevier.com\/es\/banco-de-preguntas\/enfermedad-crohn-deficiencia-nutricional\/#breadcrumb\",\"itemListElement\":[{\"@type\":\"ListItem\",\"position\":1,\"name\":\"Home\",\"item\":\"https:\/\/studenthub.elsevier.com\/es\/\"},{\"@type\":\"ListItem\",\"position\":2,\"name\":\"A una mujer de 30 a\u00f1os con enfermedad de Crohn grave se le realiza una resecci\u00f3n ileal.\u00bfQu\u00e9 deficiencia nutricional tendr\u00e1 esta mujer en el futuro?\"}]},{\"@type\":\"WebSite\",\"@id\":\"https:\/\/studenthub.elsevier.com\/es\/#website\",\"url\":\"https:\/\/studenthub.elsevier.com\/es\/\",\"name\":\"Student Hub Spain\",\"description\":\"\",\"potentialAction\":[{\"@type\":\"SearchAction\",\"target\":{\"@type\":\"EntryPoint\",\"urlTemplate\":\"https:\/\/studenthub.elsevier.com\/es\/?s={search_term_string}\"},\"query-input\":{\"@type\":\"PropertyValueSpecification\",\"valueRequired\":true,\"valueName\":\"search_term_string\"}}],\"inLanguage\":\"es\"},{\"@type\":\"Person\",\"@id\":\"https:\/\/studenthub.elsevier.com\/es\/#\/schema\/person\/3ab94c4b36ed91401e09c1f749604383\",\"name\":\"admin\",\"image\":{\"@type\":\"ImageObject\",\"inLanguage\":\"es\",\"@id\":\"https:\/\/studenthub.elsevier.com\/es\/#\/schema\/person\/image\/\",\"url\":\"https:\/\/secure.gravatar.com\/avatar\/d31d38c46f87da0a9cd815c043c26c1ba935fa2e379e24370e517229c0a061ba?s=96&d=mm&r=g\",\"contentUrl\":\"https:\/\/secure.gravatar.com\/avatar\/d31d38c46f87da0a9cd815c043c26c1ba935fa2e379e24370e517229c0a061ba?s=96&d=mm&r=g\",\"caption\":\"admin\"},\"url\":\"https:\/\/studenthub.elsevier.com\/es\/author\/carles\/\"}]}<\/script>\n<!-- \/ Yoast SEO plugin. -->","yoast_head_json":{"title":"Deficiencia nutricional enfermedad de Crohn","description":"A una mujer de 30 a\u00f1os con enfermedad de Crohn grave se le realiza una resecci\u00f3n ileal.\u00bfQu\u00e9 deficiencia nutricional tendr\u00e1 en el futuro?","robots":{"index":"index","follow":"follow","max-snippet":"max-snippet:-1","max-image-preview":"max-image-preview:large","max-video-preview":"max-video-preview:-1"},"canonical":"https:\/\/studenthub.elsevier.com\/es\/banco-de-preguntas\/enfermedad-crohn-deficiencia-nutricional\/","og_locale":"es_ES","og_type":"article","og_title":"Deficiencia nutricional enfermedad de Crohn","og_description":"A una mujer de 30 a\u00f1os con enfermedad de Crohn grave se le realiza una resecci\u00f3n ileal.\u00bfQu\u00e9 deficiencia nutricional tendr\u00e1 en el futuro?","og_url":"https:\/\/studenthub.elsevier.com\/es\/banco-de-preguntas\/enfermedad-crohn-deficiencia-nutricional\/","og_site_name":"Student Hub Spain","article_published_time":"2025-06-10T15:16:16+00:00","article_modified_time":"2025-06-10T15:21:16+00:00","author":"admin","twitter_card":"summary_large_image","twitter_misc":{"Written by":"admin","Est. reading time":"1 minuto"},"schema":{"@context":"https:\/\/schema.org","@graph":[{"@type":"WebPage","@id":"https:\/\/studenthub.elsevier.com\/es\/banco-de-preguntas\/enfermedad-crohn-deficiencia-nutricional\/","url":"https:\/\/studenthub.elsevier.com\/es\/banco-de-preguntas\/enfermedad-crohn-deficiencia-nutricional\/","name":"Deficiencia nutricional enfermedad de Crohn","isPartOf":{"@id":"https:\/\/studenthub.elsevier.com\/es\/#website"},"datePublished":"2025-06-10T15:16:16+00:00","dateModified":"2025-06-10T15:21:16+00:00","author":{"@id":"https:\/\/studenthub.elsevier.com\/es\/#\/schema\/person\/3ab94c4b36ed91401e09c1f749604383"},"description":"A una mujer de 30 a\u00f1os con enfermedad de Crohn grave se le realiza una resecci\u00f3n ileal.\u00bfQu\u00e9 deficiencia nutricional tendr\u00e1 en el futuro?","breadcrumb":{"@id":"https:\/\/studenthub.elsevier.com\/es\/banco-de-preguntas\/enfermedad-crohn-deficiencia-nutricional\/#breadcrumb"},"inLanguage":"es","potentialAction":[{"@type":"ReadAction","target":["https:\/\/studenthub.elsevier.com\/es\/banco-de-preguntas\/enfermedad-crohn-deficiencia-nutricional\/"]}]},{"@type":"BreadcrumbList","@id":"https:\/\/studenthub.elsevier.com\/es\/banco-de-preguntas\/enfermedad-crohn-deficiencia-nutricional\/#breadcrumb","itemListElement":[{"@type":"ListItem","position":1,"name":"Home","item":"https:\/\/studenthub.elsevier.com\/es\/"},{"@type":"ListItem","position":2,"name":"A una mujer de 30 a\u00f1os con enfermedad de Crohn grave se le realiza una resecci\u00f3n ileal.\u00bfQu\u00e9 deficiencia nutricional tendr\u00e1 esta mujer en el futuro?"}]},{"@type":"WebSite","@id":"https:\/\/studenthub.elsevier.com\/es\/#website","url":"https:\/\/studenthub.elsevier.com\/es\/","name":"Student Hub Spain","description":"","potentialAction":[{"@type":"SearchAction","target":{"@type":"EntryPoint","urlTemplate":"https:\/\/studenthub.elsevier.com\/es\/?s={search_term_string}"},"query-input":{"@type":"PropertyValueSpecification","valueRequired":true,"valueName":"search_term_string"}}],"inLanguage":"es"},{"@type":"Person","@id":"https:\/\/studenthub.elsevier.com\/es\/#\/schema\/person\/3ab94c4b36ed91401e09c1f749604383","name":"admin","image":{"@type":"ImageObject","inLanguage":"es","@id":"https:\/\/studenthub.elsevier.com\/es\/#\/schema\/person\/image\/","url":"https:\/\/secure.gravatar.com\/avatar\/d31d38c46f87da0a9cd815c043c26c1ba935fa2e379e24370e517229c0a061ba?s=96&d=mm&r=g","contentUrl":"https:\/\/secure.gravatar.com\/avatar\/d31d38c46f87da0a9cd815c043c26c1ba935fa2e379e24370e517229c0a061ba?s=96&d=mm&r=g","caption":"admin"},"url":"https:\/\/studenthub.elsevier.com\/es\/author\/carles\/"}]}},"jetpack_featured_media_url":"","jetpack_sharing_enabled":true,"_links":{"self":[{"href":"https:\/\/studenthub.elsevier.com\/es\/wp-json\/wp\/v2\/posts\/320","targetHints":{"allow":["GET"]}}],"collection":[{"href":"https:\/\/studenthub.elsevier.com\/es\/wp-json\/wp\/v2\/posts"}],"about":[{"href":"https:\/\/studenthub.elsevier.com\/es\/wp-json\/wp\/v2\/types\/post"}],"author":[{"embeddable":true,"href":"https:\/\/studenthub.elsevier.com\/es\/wp-json\/wp\/v2\/users\/4"}],"replies":[{"embeddable":true,"href":"https:\/\/studenthub.elsevier.com\/es\/wp-json\/wp\/v2\/comments?post=320"}],"version-history":[{"count":1,"href":"https:\/\/studenthub.elsevier.com\/es\/wp-json\/wp\/v2\/posts\/320\/revisions"}],"predecessor-version":[{"id":322,"href":"https:\/\/studenthub.elsevier.com\/es\/wp-json\/wp\/v2\/posts\/320\/revisions\/322"}],"wp:attachment":[{"href":"https:\/\/studenthub.elsevier.com\/es\/wp-json\/wp\/v2\/media?parent=320"}],"wp:term":[{"taxonomy":"category","embeddable":true,"href":"https:\/\/studenthub.elsevier.com\/es\/wp-json\/wp\/v2\/categories?post=320"},{"taxonomy":"post_tag","embeddable":true,"href":"https:\/\/studenthub.elsevier.com\/es\/wp-json\/wp\/v2\/tags?post=320"}],"curies":[{"name":"wp","href":"https:\/\/api.w.org\/{rel}","templated":true}]}}