{"id":557,"date":"2025-06-16T10:15:20","date_gmt":"2025-06-16T10:15:20","guid":{"rendered":"https:\/\/studenthub.elsevier.com\/es\/uk\/trastorno-espectro-autista\/"},"modified":"2025-06-16T10:15:21","modified_gmt":"2025-06-16T10:15:21","slug":"tratamiento-mareos-diabetes-mellitus-tipo-1","status":"publish","type":"post","link":"https:\/\/studenthub.elsevier.com\/es\/banco-de-preguntas\/tratamiento-mareos-diabetes-mellitus-tipo-1\/","title":{"rendered":"Un ni\u00f1o de 11 a\u00f1os tiene diabetes mellitus de tipo 1. Mientras jugaba al f\u00fatbol en el recreo de media ma\u00f1ana en un campamento vacacional, de repente se sinti\u00f3 mareado. Sus compa\u00f1eros llamaron al supervisor, quien lo encontr\u00f3 tumbado en el patio, inconsciente.\u00bfCu\u00e1l debe ser su tratamiento inmediato?"},"content":{"rendered":"\n        <div class=\"simple-quiz\" id=\"sqt_1_4209_container\">\n            \n            <div class=\"quiz-options\">\n                                    <div class=\"quiz-option\">\n                        <input type=\"radio\" \n                               id=\"sqt_1_4209_option_1\" \n                               name=\"sqt_1_4209_options\" \n                               value=\"1\">\n                        <label for=\"sqt_1_4209_option_1\">\n                            A. Llamar a una ambulancia                        <\/label>\n                    <\/div>\n                                    <div class=\"quiz-option\">\n                        <input type=\"radio\" \n                               id=\"sqt_1_4209_option_2\" \n                               name=\"sqt_1_4209_options\" \n                               value=\"2\">\n                        <label for=\"sqt_1_4209_option_2\">\n                            B. Controlar la glucemia                        <\/label>\n                    <\/div>\n                                    <div class=\"quiz-option\">\n                        <input type=\"radio\" \n                               id=\"sqt_1_4209_option_3\" \n                               name=\"sqt_1_4209_options\" \n                               value=\"3\">\n                        <label for=\"sqt_1_4209_option_3\">\n                            C. Darle una bebida azucarada                        <\/label>\n                    <\/div>\n                                    <div class=\"quiz-option\">\n                        <input type=\"radio\" \n                               id=\"sqt_1_4209_option_4\" \n                               name=\"sqt_1_4209_options\" \n                               value=\"4\">\n                        <label for=\"sqt_1_4209_option_4\">\n                            D. Usar gel bucal de glucosa                        <\/label>\n                    <\/div>\n                                    <div class=\"quiz-option\">\n                        <input type=\"radio\" \n                               id=\"sqt_1_4209_option_5\" \n                               name=\"sqt_1_4209_options\" \n                               value=\"5\">\n                        <label for=\"sqt_1_4209_option_5\">\n                            E. Administrar insulina                        <\/label>\n                    <\/div>\n                            <\/div>\n            \n            <div class=\"quiz-toggle\">\n                <span class=\"quiz-cta\" \n                      role=\"button\" \n                      tabindex=\"0\" \n                      onclick=\"simpleQuizToggleResults('sqt_1_4209')\"\n                      onkeydown=\"if(event.key === 'Enter' || event.key === ' ') { simpleQuizToggleResults('sqt_1_4209'); event.preventDefault(); }\">\n                    Show\/Hide Answer                <\/span>\n                \n                <div id=\"sqt_1_4209_results\" class=\"quiz-results\" aria-live=\"polite\">\n                    La respuesta correcta es: <br \/>\nD. Usar gel bucal de glucosa<br \/>\nCorrecto. Est\u00e1 hipogluc\u00e9mico a consecuencia del ejercicio. La glucosa del gel bucal se absorbe con rapidez, y deber\u00eda despertar r\u00e1pidamente. Tendr\u00e1 que tomar una bebida que contenga hidratos de carbono y un tentempi\u00e9 para mantener su glucemia.                <\/div>\n            <\/div>\n            \n        <\/div>\n        \n\n\n\n<p><\/p>\n","protected":false},"excerpt":{"rendered":"","protected":false},"author":4,"featured_media":0,"comment_status":"open","ping_status":"open","sticky":false,"template":"wp-custom-template-question-bank-individual-entry","format":"standard","meta":{"_jetpack_memberships_contains_paid_content":false,"footnotes":""},"categories":[3,10],"tags":[],"class_list":["post-557","post","type-post","status-publish","format-standard","hentry","category-banco-de-preguntas","category-pediatria"],"yoast_head":"<!-- This site is optimized with the Yoast SEO plugin v23.6 - https:\/\/yoast.com\/wordpress\/plugins\/seo\/ -->\n<title>Tratamiento mareos en ni\u00f1os con diabetes mellitus de tipo 1<\/title>\n<meta name=\"description\" content=\"Banco de preguntas pediatr\u00eda. Ante un caso de un ni\u00f1o de 11 a\u00f1os con este cuadro: \u00bfcu\u00e1l debe ser su tratamiento inmediato?\" \/>\n<meta name=\"robots\" content=\"index, follow, max-snippet:-1, max-image-preview:large, max-video-preview:-1\" \/>\n<link rel=\"canonical\" href=\"https:\/\/studenthub.elsevier.com\/es\/banco-de-preguntas\/tratamiento-mareos-diabetes-mellitus-tipo-1\/\" \/>\n<meta property=\"og:locale\" content=\"es_ES\" \/>\n<meta property=\"og:type\" content=\"article\" \/>\n<meta property=\"og:title\" content=\"Tratamiento mareos en ni\u00f1os con diabetes mellitus de tipo 1\" \/>\n<meta property=\"og:description\" content=\"Banco de preguntas pediatr\u00eda. Ante un caso de un ni\u00f1o de 11 a\u00f1os con este cuadro: \u00bfcu\u00e1l debe ser su tratamiento inmediato?\" \/>\n<meta property=\"og:url\" content=\"https:\/\/studenthub.elsevier.com\/es\/banco-de-preguntas\/tratamiento-mareos-diabetes-mellitus-tipo-1\/\" \/>\n<meta property=\"og:site_name\" content=\"Student Hub Spain\" \/>\n<meta property=\"article:published_time\" content=\"2025-06-16T10:15:20+00:00\" \/>\n<meta property=\"article:modified_time\" content=\"2025-06-16T10:15:21+00:00\" \/>\n<meta name=\"author\" content=\"admin\" \/>\n<meta name=\"twitter:card\" content=\"summary_large_image\" \/>\n<meta name=\"twitter:label1\" content=\"Written by\" \/>\n\t<meta name=\"twitter:data1\" content=\"admin\" \/>\n\t<meta name=\"twitter:label2\" content=\"Est. reading time\" \/>\n\t<meta name=\"twitter:data2\" content=\"1 minuto\" \/>\n<script type=\"application\/ld+json\" class=\"yoast-schema-graph\">{\"@context\":\"https:\/\/schema.org\",\"@graph\":[{\"@type\":\"WebPage\",\"@id\":\"https:\/\/studenthub.elsevier.com\/es\/banco-de-preguntas\/tratamiento-mareos-diabetes-mellitus-tipo-1\/\",\"url\":\"https:\/\/studenthub.elsevier.com\/es\/banco-de-preguntas\/tratamiento-mareos-diabetes-mellitus-tipo-1\/\",\"name\":\"Tratamiento mareos en ni\u00f1os con diabetes mellitus de tipo 1\",\"isPartOf\":{\"@id\":\"https:\/\/studenthub.elsevier.com\/es\/#website\"},\"datePublished\":\"2025-06-16T10:15:20+00:00\",\"dateModified\":\"2025-06-16T10:15:21+00:00\",\"author\":{\"@id\":\"https:\/\/studenthub.elsevier.com\/es\/#\/schema\/person\/3ab94c4b36ed91401e09c1f749604383\"},\"description\":\"Banco de preguntas pediatr\u00eda. Ante un caso de un ni\u00f1o de 11 a\u00f1os con este cuadro: \u00bfcu\u00e1l debe ser su tratamiento inmediato?\",\"breadcrumb\":{\"@id\":\"https:\/\/studenthub.elsevier.com\/es\/banco-de-preguntas\/tratamiento-mareos-diabetes-mellitus-tipo-1\/#breadcrumb\"},\"inLanguage\":\"es\",\"potentialAction\":[{\"@type\":\"ReadAction\",\"target\":[\"https:\/\/studenthub.elsevier.com\/es\/banco-de-preguntas\/tratamiento-mareos-diabetes-mellitus-tipo-1\/\"]}]},{\"@type\":\"BreadcrumbList\",\"@id\":\"https:\/\/studenthub.elsevier.com\/es\/banco-de-preguntas\/tratamiento-mareos-diabetes-mellitus-tipo-1\/#breadcrumb\",\"itemListElement\":[{\"@type\":\"ListItem\",\"position\":1,\"name\":\"Home\",\"item\":\"https:\/\/studenthub.elsevier.com\/es\/\"},{\"@type\":\"ListItem\",\"position\":2,\"name\":\"Un ni\u00f1o de 11 a\u00f1os tiene diabetes mellitus de tipo 1. Mientras jugaba al f\u00fatbol en el recreo de media ma\u00f1ana en un campamento vacacional, de repente se sinti\u00f3 mareado. Sus compa\u00f1eros llamaron al supervisor, quien lo encontr\u00f3 tumbado en el patio, inconsciente.\u00bfCu\u00e1l debe ser su tratamiento inmediato?\"}]},{\"@type\":\"WebSite\",\"@id\":\"https:\/\/studenthub.elsevier.com\/es\/#website\",\"url\":\"https:\/\/studenthub.elsevier.com\/es\/\",\"name\":\"Student Hub Spain\",\"description\":\"\",\"potentialAction\":[{\"@type\":\"SearchAction\",\"target\":{\"@type\":\"EntryPoint\",\"urlTemplate\":\"https:\/\/studenthub.elsevier.com\/es\/?s={search_term_string}\"},\"query-input\":{\"@type\":\"PropertyValueSpecification\",\"valueRequired\":true,\"valueName\":\"search_term_string\"}}],\"inLanguage\":\"es\"},{\"@type\":\"Person\",\"@id\":\"https:\/\/studenthub.elsevier.com\/es\/#\/schema\/person\/3ab94c4b36ed91401e09c1f749604383\",\"name\":\"admin\",\"image\":{\"@type\":\"ImageObject\",\"inLanguage\":\"es\",\"@id\":\"https:\/\/studenthub.elsevier.com\/es\/#\/schema\/person\/image\/\",\"url\":\"https:\/\/secure.gravatar.com\/avatar\/d31d38c46f87da0a9cd815c043c26c1ba935fa2e379e24370e517229c0a061ba?s=96&d=mm&r=g\",\"contentUrl\":\"https:\/\/secure.gravatar.com\/avatar\/d31d38c46f87da0a9cd815c043c26c1ba935fa2e379e24370e517229c0a061ba?s=96&d=mm&r=g\",\"caption\":\"admin\"},\"url\":\"https:\/\/studenthub.elsevier.com\/es\/author\/carles\/\"}]}<\/script>\n<!-- \/ Yoast SEO plugin. -->","yoast_head_json":{"title":"Tratamiento mareos en ni\u00f1os con diabetes mellitus de tipo 1","description":"Banco de preguntas pediatr\u00eda. Ante un caso de un ni\u00f1o de 11 a\u00f1os con este cuadro: \u00bfcu\u00e1l debe ser su tratamiento inmediato?","robots":{"index":"index","follow":"follow","max-snippet":"max-snippet:-1","max-image-preview":"max-image-preview:large","max-video-preview":"max-video-preview:-1"},"canonical":"https:\/\/studenthub.elsevier.com\/es\/banco-de-preguntas\/tratamiento-mareos-diabetes-mellitus-tipo-1\/","og_locale":"es_ES","og_type":"article","og_title":"Tratamiento mareos en ni\u00f1os con diabetes mellitus de tipo 1","og_description":"Banco de preguntas pediatr\u00eda. Ante un caso de un ni\u00f1o de 11 a\u00f1os con este cuadro: \u00bfcu\u00e1l debe ser su tratamiento inmediato?","og_url":"https:\/\/studenthub.elsevier.com\/es\/banco-de-preguntas\/tratamiento-mareos-diabetes-mellitus-tipo-1\/","og_site_name":"Student Hub Spain","article_published_time":"2025-06-16T10:15:20+00:00","article_modified_time":"2025-06-16T10:15:21+00:00","author":"admin","twitter_card":"summary_large_image","twitter_misc":{"Written by":"admin","Est. reading time":"1 minuto"},"schema":{"@context":"https:\/\/schema.org","@graph":[{"@type":"WebPage","@id":"https:\/\/studenthub.elsevier.com\/es\/banco-de-preguntas\/tratamiento-mareos-diabetes-mellitus-tipo-1\/","url":"https:\/\/studenthub.elsevier.com\/es\/banco-de-preguntas\/tratamiento-mareos-diabetes-mellitus-tipo-1\/","name":"Tratamiento mareos en ni\u00f1os con diabetes mellitus de tipo 1","isPartOf":{"@id":"https:\/\/studenthub.elsevier.com\/es\/#website"},"datePublished":"2025-06-16T10:15:20+00:00","dateModified":"2025-06-16T10:15:21+00:00","author":{"@id":"https:\/\/studenthub.elsevier.com\/es\/#\/schema\/person\/3ab94c4b36ed91401e09c1f749604383"},"description":"Banco de preguntas pediatr\u00eda. Ante un caso de un ni\u00f1o de 11 a\u00f1os con este cuadro: \u00bfcu\u00e1l debe ser su tratamiento inmediato?","breadcrumb":{"@id":"https:\/\/studenthub.elsevier.com\/es\/banco-de-preguntas\/tratamiento-mareos-diabetes-mellitus-tipo-1\/#breadcrumb"},"inLanguage":"es","potentialAction":[{"@type":"ReadAction","target":["https:\/\/studenthub.elsevier.com\/es\/banco-de-preguntas\/tratamiento-mareos-diabetes-mellitus-tipo-1\/"]}]},{"@type":"BreadcrumbList","@id":"https:\/\/studenthub.elsevier.com\/es\/banco-de-preguntas\/tratamiento-mareos-diabetes-mellitus-tipo-1\/#breadcrumb","itemListElement":[{"@type":"ListItem","position":1,"name":"Home","item":"https:\/\/studenthub.elsevier.com\/es\/"},{"@type":"ListItem","position":2,"name":"Un ni\u00f1o de 11 a\u00f1os tiene diabetes mellitus de tipo 1. Mientras jugaba al f\u00fatbol en el recreo de media ma\u00f1ana en un campamento vacacional, de repente se sinti\u00f3 mareado. Sus compa\u00f1eros llamaron al supervisor, quien lo encontr\u00f3 tumbado en el patio, inconsciente.\u00bfCu\u00e1l debe ser su tratamiento inmediato?"}]},{"@type":"WebSite","@id":"https:\/\/studenthub.elsevier.com\/es\/#website","url":"https:\/\/studenthub.elsevier.com\/es\/","name":"Student Hub Spain","description":"","potentialAction":[{"@type":"SearchAction","target":{"@type":"EntryPoint","urlTemplate":"https:\/\/studenthub.elsevier.com\/es\/?s={search_term_string}"},"query-input":{"@type":"PropertyValueSpecification","valueRequired":true,"valueName":"search_term_string"}}],"inLanguage":"es"},{"@type":"Person","@id":"https:\/\/studenthub.elsevier.com\/es\/#\/schema\/person\/3ab94c4b36ed91401e09c1f749604383","name":"admin","image":{"@type":"ImageObject","inLanguage":"es","@id":"https:\/\/studenthub.elsevier.com\/es\/#\/schema\/person\/image\/","url":"https:\/\/secure.gravatar.com\/avatar\/d31d38c46f87da0a9cd815c043c26c1ba935fa2e379e24370e517229c0a061ba?s=96&d=mm&r=g","contentUrl":"https:\/\/secure.gravatar.com\/avatar\/d31d38c46f87da0a9cd815c043c26c1ba935fa2e379e24370e517229c0a061ba?s=96&d=mm&r=g","caption":"admin"},"url":"https:\/\/studenthub.elsevier.com\/es\/author\/carles\/"}]}},"jetpack_featured_media_url":"","jetpack_sharing_enabled":true,"_links":{"self":[{"href":"https:\/\/studenthub.elsevier.com\/es\/wp-json\/wp\/v2\/posts\/557","targetHints":{"allow":["GET"]}}],"collection":[{"href":"https:\/\/studenthub.elsevier.com\/es\/wp-json\/wp\/v2\/posts"}],"about":[{"href":"https:\/\/studenthub.elsevier.com\/es\/wp-json\/wp\/v2\/types\/post"}],"author":[{"embeddable":true,"href":"https:\/\/studenthub.elsevier.com\/es\/wp-json\/wp\/v2\/users\/4"}],"replies":[{"embeddable":true,"href":"https:\/\/studenthub.elsevier.com\/es\/wp-json\/wp\/v2\/comments?post=557"}],"version-history":[{"count":1,"href":"https:\/\/studenthub.elsevier.com\/es\/wp-json\/wp\/v2\/posts\/557\/revisions"}],"predecessor-version":[{"id":559,"href":"https:\/\/studenthub.elsevier.com\/es\/wp-json\/wp\/v2\/posts\/557\/revisions\/559"}],"wp:attachment":[{"href":"https:\/\/studenthub.elsevier.com\/es\/wp-json\/wp\/v2\/media?parent=557"}],"wp:term":[{"taxonomy":"category","embeddable":true,"href":"https:\/\/studenthub.elsevier.com\/es\/wp-json\/wp\/v2\/categories?post=557"},{"taxonomy":"post_tag","embeddable":true,"href":"https:\/\/studenthub.elsevier.com\/es\/wp-json\/wp\/v2\/tags?post=557"}],"curies":[{"name":"wp","href":"https:\/\/api.w.org\/{rel}","templated":true}]}}